{"id":2691,"count":181,"description":"<h1>Treku hos Myntwork \u2013 baskiska designm\u00f6bler fr\u00e5n verkstad till arbetsplats<\/h1>\nHos Myntwork presenterar vi stolt <strong>Treku<\/strong> \u2013 en samtida m\u00f6beltillverkare fr\u00e5n Zarautz i Baskien, grundad 1947 av Jes\u00fas Aldabaldetreku och fortfarande ledd av samma familj. Det som b\u00f6rjade som en snickeriverkstad \u00e4r idag ett internationellt varum\u00e4rke f\u00f6r sk\u00e4nkar, bord, hyllor och sittm\u00f6bler, formgivna i samarbete med studios som Ibon Arrizabalaga, Yonoh och Iratzoki Lizaso och exporterade till mer \u00e4n femtio l\u00e4nder.\n<h2>D\u00e4rf\u00f6r utm\u00e4rker sig Treku<\/h2>\n<ul>\n \t<li><strong>System med sj\u00e4l<\/strong> \u2013 Kollektioner som Aura, Lauki, Bost och Leiho som kan konfigureras till sk\u00e4nkar, mediem\u00f6bler, skrivbord och m\u00f6tesbord.<\/li>\n \t<li><strong>Tr\u00e4, lack och glas<\/strong> \u2013 Ett noggrant urval av fan\u00e9r och ytbehandlingar, tillverkade p\u00e5 best\u00e4llning s\u00e5 att ytorna f\u00f6rblir enhetliga.<\/li>\n \t<li><strong>Fr\u00e5n hem till kontor<\/strong> \u2013 Hemmets v\u00e4rme \u00f6versatt till professionella milj\u00f6er: m\u00f6tesbord, f\u00f6rvaring och loungem\u00f6bler med samma harmoniska formspr\u00e5k.<\/li>\n \t<li><strong>Tre generationer av hantverk<\/strong> \u2013 Baskisk hantverkstradition fr\u00e5n kusten, nu kombinerad med samtida design och internationell exportkompetens.<\/li>\n<\/ul>\n<h2>Myntwork som din \u00e5terf\u00f6rs\u00e4ljare av Treku<\/h2>\nMyntwork specificerar Treku f\u00f6r arbetsplatser som vill ha m\u00f6bler med den n\u00e4rvaro som k\u00e4nnetecknar god heminredning. Vi hj\u00e4lper dig att konfigurera moduler, ytbehandlingar och bordsystem s\u00e5 att f\u00f6rvaring och m\u00f6bler f\u00f6r m\u00f6ten k\u00e4nns genomt\u00e4nkta snarare \u00e4n standardiserat f\u00f6retagsm\u00e4ssiga.\n<h2>Utformade f\u00f6r v\u00e4lbefinnande och produktivitet<\/h2>\nVacker f\u00f6rvaring och v\u00e4lproportionerade bord g\u00f6r rummen l\u00e4ttare att vistas i under arbetsdagen. Treku-m\u00f6bler st\u00f6der den lugnare formen av produktivitet: milj\u00f6er som k\u00e4nns ordnade, varma och redo f\u00f6r samtal.\n<h2>Upplev Treku med Myntwork<\/h2>\nUppt\u00e4ck baskiska designm\u00f6bler med en hantverkstradition som str\u00e4cker sig \u00f6ver sjuttiofem \u00e5r. Treku hos Myntwork \u00e4r samtida tr\u00e4 och modul\u00e4ra system f\u00f6r interi\u00f6rer med karakt\u00e4r.","link":"https:\/\/myntwork.com\/sv-se\/varumarke\/treku\/","name":"Treku","slug":"treku","taxonomy":"product_brand","parent":0,"meta":[],"acf":[],"yoast_head":"<!-- This site is optimized with the Yoast SEO Premium plugin v25.6 (Yoast SEO v28.3) - https:\/\/yoast.com\/product\/yoast-seo-premium-wordpress\/ -->\n<title>Treku | Myntwork Sverige<\/title>\n<meta name=\"robots\" content=\"index, follow, max-snippet:-1, max-image-preview:large, max-video-preview:-1\" \/>\n<link rel=\"canonical\" href=\"https:\/\/myntwork.com\/sv-se\/varumarke\/treku\/\" \/>\n<meta property=\"og:locale\" content=\"sv_SE\" \/>\n<meta property=\"og:type\" content=\"article\" \/>\n<meta property=\"og:title\" content=\"Treku Archives\" \/>\n<meta property=\"og:description\" content=\"Treku hos Myntwork \u2013 baskiska designm\u00f6bler fr\u00e5n verkstad till arbetsplats Hos Myntwork presenterar vi stolt Treku \u2013 en samtida m\u00f6beltillverkare fr\u00e5n Zarautz i Baskien, grundad 1947 av Jes\u00fas Aldabaldetreku och fortfarande ledd av samma familj. Det som b\u00f6rjade som en snickeriverkstad \u00e4r idag ett internationellt varum\u00e4rke f\u00f6r sk\u00e4nkar, bord, hyllor och sittm\u00f6bler, formgivna i samarbete med studios som Ibon Arrizabalaga, Yonoh och Iratzoki Lizaso och exporterade till mer \u00e4n femtio l\u00e4nder. D\u00e4rf\u00f6r utm\u00e4rker sig Treku System med sj\u00e4l \u2013 Kollektioner som Aura, Lauki, Bost och Leiho som kan konfigureras till sk\u00e4nkar, mediem\u00f6bler, skrivbord och m\u00f6tesbord. Tr\u00e4, lack och glas \u2013 Ett noggrant urval av fan\u00e9r och ytbehandlingar, tillverkade p\u00e5 best\u00e4llning s\u00e5 att ytorna f\u00f6rblir enhetliga. Fr\u00e5n hem till kontor \u2013 Hemmets v\u00e4rme \u00f6versatt till professionella milj\u00f6er: m\u00f6tesbord, f\u00f6rvaring och loungem\u00f6bler med samma harmoniska formspr\u00e5k. Tre generationer av hantverk \u2013 Baskisk hantverkstradition fr\u00e5n kusten, nu kombinerad med samtida design och internationell exportkompetens. Myntwork som din \u00e5terf\u00f6rs\u00e4ljare av Treku Myntwork specificerar Treku f\u00f6r arbetsplatser som vill ha m\u00f6bler med den n\u00e4rvaro som k\u00e4nnetecknar god heminredning. Vi hj\u00e4lper dig att konfigurera moduler, ytbehandlingar och bordsystem s\u00e5 att f\u00f6rvaring och m\u00f6bler f\u00f6r m\u00f6ten k\u00e4nns genomt\u00e4nkta snarare \u00e4n standardiserat f\u00f6retagsm\u00e4ssiga. Utformade f\u00f6r v\u00e4lbefinnande och produktivitet Vacker f\u00f6rvaring och v\u00e4lproportionerade bord g\u00f6r rummen l\u00e4ttare att vistas i under arbetsdagen. Treku-m\u00f6bler st\u00f6der den lugnare formen av produktivitet: milj\u00f6er som k\u00e4nns ordnade, varma och redo f\u00f6r samtal. Upplev Treku med Myntwork Uppt\u00e4ck baskiska designm\u00f6bler med en hantverkstradition som str\u00e4cker sig \u00f6ver sjuttiofem \u00e5r. Treku hos Myntwork \u00e4r samtida tr\u00e4 och modul\u00e4ra system f\u00f6r interi\u00f6rer med karakt\u00e4r.\" \/>\n<meta property=\"og:url\" content=\"https:\/\/myntwork.com\/sv-se\/varumarke\/treku\/\" \/>\n<meta property=\"og:site_name\" content=\"Myntwork Sverige\" \/>\n<meta property=\"og:image\" content=\"https:\/\/myntwork.com\/wp-content\/uploads\/2026\/08\/3ab4fdcd63e64ea8a03ebc88397e7be7.jpg\" \/>\n\t<meta property=\"og:image:width\" content=\"1200\" \/>\n\t<meta property=\"og:image:height\" content=\"1200\" \/>\n\t<meta property=\"og:image:type\" content=\"image\/jpeg\" \/>\n<meta name=\"twitter:card\" content=\"summary_large_image\" \/>\n<script type=\"application\/ld+json\" class=\"yoast-schema-graph\">{\"@context\":\"https:\\\/\\\/schema.org\",\"@graph\":[{\"@type\":\"CollectionPage\",\"@id\":\"https:\\\/\\\/myntwork.com\\\/sv-se\\\/varumarke\\\/treku\\\/\",\"url\":\"https:\\\/\\\/myntwork.com\\\/sv-se\\\/varumarke\\\/treku\\\/\",\"name\":\"Treku | Myntwork Sverige\",\"isPartOf\":{\"@id\":\"https:\\\/\\\/myntwork.com\\\/sv-se\\\/#website\"},\"breadcrumb\":{\"@id\":\"https:\\\/\\\/myntwork.com\\\/sv-se\\\/varumarke\\\/treku\\\/#breadcrumb\"},\"inLanguage\":\"sv-SE\"},{\"@type\":\"BreadcrumbList\",\"@id\":\"https:\\\/\\\/myntwork.com\\\/sv-se\\\/varumarke\\\/treku\\\/#breadcrumb\",\"itemListElement\":[{\"@type\":\"ListItem\",\"position\":1,\"name\":\"Home\",\"item\":\"https:\\\/\\\/myntwork.com\\\/sv-se\\\/\"},{\"@type\":\"ListItem\",\"position\":2,\"name\":\"Treku\"}]},{\"@type\":\"WebSite\",\"@id\":\"https:\\\/\\\/myntwork.com\\\/sv-se\\\/#website\",\"url\":\"https:\\\/\\\/myntwork.com\\\/sv-se\\\/\",\"name\":\"Myntwork\",\"description\":\"Lease nya kontorsm\u00f6bler | Fr\u00e5n 3.95 per arbetsplats\",\"publisher\":{\"@id\":\"https:\\\/\\\/myntwork.com\\\/sv-se\\\/#organization\"},\"potentialAction\":[{\"@type\":\"SearchAction\",\"target\":{\"@type\":\"EntryPoint\",\"urlTemplate\":\"https:\\\/\\\/myntwork.com\\\/sv-se\\\/?s={search_term_string}\"},\"query-input\":{\"@type\":\"PropertyValueSpecification\",\"valueRequired\":true,\"valueName\":\"search_term_string\"}}],\"inLanguage\":\"sv-SE\"},{\"@type\":\"Organization\",\"@id\":\"https:\\\/\\\/myntwork.com\\\/sv-se\\\/#organization\",\"name\":\"Myntwork\",\"url\":\"https:\\\/\\\/myntwork.com\\\/sv-se\\\/\",\"logo\":{\"@type\":\"ImageObject\",\"inLanguage\":\"sv-SE\",\"@id\":\"https:\\\/\\\/myntwork.com\\\/sv-se\\\/#\\\/schema\\\/logo\\\/image\\\/\",\"url\":\"https:\\\/\\\/myntwork.com\\\/wp-content\\\/uploads\\\/2025\\\/08\\\/myntwork.png\",\"contentUrl\":\"https:\\\/\\\/myntwork.com\\\/wp-content\\\/uploads\\\/2025\\\/08\\\/myntwork.png\",\"width\":696,\"height\":696,\"caption\":\"Myntwork\"},\"image\":{\"@id\":\"https:\\\/\\\/myntwork.com\\\/sv-se\\\/#\\\/schema\\\/logo\\\/image\\\/\"},\"description\":\"Myntwork is een Nederlands bedrijf, gespecialiseerd in het leasen van kantoormeubilair. Het concept draait om flexibiliteit, eenvoud en duurzaamheid, waarbij bedrijven hoogwaardige meubels kunnen huren zonder grote upfront investeringen.\",\"email\":\"contact@myntwork.com\",\"telephone\":\"+31854017823\",\"legalName\":\"Myntwork B.V.\",\"foundingDate\":\"2024-01-26\",\"vatID\":\"NL861015290B01\",\"numberOfEmployees\":{\"@type\":\"QuantitativeValue\",\"minValue\":\"1\",\"maxValue\":\"10\"}}]}<\/script>\n<!-- \/ Yoast SEO Premium plugin. -->","yoast_head_json":{"title":"Treku | Myntwork Sverige","robots":{"index":"index","follow":"follow","max-snippet":"max-snippet:-1","max-image-preview":"max-image-preview:large","max-video-preview":"max-video-preview:-1"},"canonical":"https:\/\/myntwork.com\/sv-se\/varumarke\/treku\/","og_locale":"sv_SE","og_type":"article","og_title":"Treku Archives","og_description":"Treku hos Myntwork \u2013 baskiska designm\u00f6bler fr\u00e5n verkstad till arbetsplats Hos Myntwork presenterar vi stolt Treku \u2013 en samtida m\u00f6beltillverkare fr\u00e5n Zarautz i Baskien, grundad 1947 av Jes\u00fas Aldabaldetreku och fortfarande ledd av samma familj. Det som b\u00f6rjade som en snickeriverkstad \u00e4r idag ett internationellt varum\u00e4rke f\u00f6r sk\u00e4nkar, bord, hyllor och sittm\u00f6bler, formgivna i samarbete med studios som Ibon Arrizabalaga, Yonoh och Iratzoki Lizaso och exporterade till mer \u00e4n femtio l\u00e4nder. D\u00e4rf\u00f6r utm\u00e4rker sig Treku System med sj\u00e4l \u2013 Kollektioner som Aura, Lauki, Bost och Leiho som kan konfigureras till sk\u00e4nkar, mediem\u00f6bler, skrivbord och m\u00f6tesbord. Tr\u00e4, lack och glas \u2013 Ett noggrant urval av fan\u00e9r och ytbehandlingar, tillverkade p\u00e5 best\u00e4llning s\u00e5 att ytorna f\u00f6rblir enhetliga. Fr\u00e5n hem till kontor \u2013 Hemmets v\u00e4rme \u00f6versatt till professionella milj\u00f6er: m\u00f6tesbord, f\u00f6rvaring och loungem\u00f6bler med samma harmoniska formspr\u00e5k. Tre generationer av hantverk \u2013 Baskisk hantverkstradition fr\u00e5n kusten, nu kombinerad med samtida design och internationell exportkompetens. Myntwork som din \u00e5terf\u00f6rs\u00e4ljare av Treku Myntwork specificerar Treku f\u00f6r arbetsplatser som vill ha m\u00f6bler med den n\u00e4rvaro som k\u00e4nnetecknar god heminredning. Vi hj\u00e4lper dig att konfigurera moduler, ytbehandlingar och bordsystem s\u00e5 att f\u00f6rvaring och m\u00f6bler f\u00f6r m\u00f6ten k\u00e4nns genomt\u00e4nkta snarare \u00e4n standardiserat f\u00f6retagsm\u00e4ssiga. Utformade f\u00f6r v\u00e4lbefinnande och produktivitet Vacker f\u00f6rvaring och v\u00e4lproportionerade bord g\u00f6r rummen l\u00e4ttare att vistas i under arbetsdagen. Treku-m\u00f6bler st\u00f6der den lugnare formen av produktivitet: milj\u00f6er som k\u00e4nns ordnade, varma och redo f\u00f6r samtal. Upplev Treku med Myntwork Uppt\u00e4ck baskiska designm\u00f6bler med en hantverkstradition som str\u00e4cker sig \u00f6ver sjuttiofem \u00e5r. Treku hos Myntwork \u00e4r samtida tr\u00e4 och modul\u00e4ra system f\u00f6r interi\u00f6rer med karakt\u00e4r.","og_url":"https:\/\/myntwork.com\/sv-se\/varumarke\/treku\/","og_site_name":"Myntwork Sverige","og_image":[{"url":"https:\/\/myntwork.com\/wp-content\/uploads\/2026\/08\/3ab4fdcd63e64ea8a03ebc88397e7be7.jpg","width":1200,"height":1200,"type":"image\/jpeg"}],"twitter_card":"summary_large_image","schema":{"@context":"https:\/\/schema.org","@graph":[{"@type":"CollectionPage","@id":"https:\/\/myntwork.com\/sv-se\/varumarke\/treku\/","url":"https:\/\/myntwork.com\/sv-se\/varumarke\/treku\/","name":"Treku | Myntwork Sverige","isPartOf":{"@id":"https:\/\/myntwork.com\/sv-se\/#website"},"breadcrumb":{"@id":"https:\/\/myntwork.com\/sv-se\/varumarke\/treku\/#breadcrumb"},"inLanguage":"sv-SE"},{"@type":"BreadcrumbList","@id":"https:\/\/myntwork.com\/sv-se\/varumarke\/treku\/#breadcrumb","itemListElement":[{"@type":"ListItem","position":1,"name":"Home","item":"https:\/\/myntwork.com\/sv-se\/"},{"@type":"ListItem","position":2,"name":"Treku"}]},{"@type":"WebSite","@id":"https:\/\/myntwork.com\/sv-se\/#website","url":"https:\/\/myntwork.com\/sv-se\/","name":"Myntwork","description":"Lease nya kontorsm\u00f6bler | Fr\u00e5n 3.95 per arbetsplats","publisher":{"@id":"https:\/\/myntwork.com\/sv-se\/#organization"},"potentialAction":[{"@type":"SearchAction","target":{"@type":"EntryPoint","urlTemplate":"https:\/\/myntwork.com\/sv-se\/?s={search_term_string}"},"query-input":{"@type":"PropertyValueSpecification","valueRequired":true,"valueName":"search_term_string"}}],"inLanguage":"sv-SE"},{"@type":"Organization","@id":"https:\/\/myntwork.com\/sv-se\/#organization","name":"Myntwork","url":"https:\/\/myntwork.com\/sv-se\/","logo":{"@type":"ImageObject","inLanguage":"sv-SE","@id":"https:\/\/myntwork.com\/sv-se\/#\/schema\/logo\/image\/","url":"https:\/\/myntwork.com\/wp-content\/uploads\/2025\/08\/myntwork.png","contentUrl":"https:\/\/myntwork.com\/wp-content\/uploads\/2025\/08\/myntwork.png","width":696,"height":696,"caption":"Myntwork"},"image":{"@id":"https:\/\/myntwork.com\/sv-se\/#\/schema\/logo\/image\/"},"description":"Myntwork is een Nederlands bedrijf, gespecialiseerd in het leasen van kantoormeubilair. Het concept draait om flexibiliteit, eenvoud en duurzaamheid, waarbij bedrijven hoogwaardige meubels kunnen huren zonder grote upfront investeringen.","email":"contact@myntwork.com","telephone":"+31854017823","legalName":"Myntwork B.V.","foundingDate":"2024-01-26","vatID":"NL861015290B01","numberOfEmployees":{"@type":"QuantitativeValue","minValue":"1","maxValue":"10"}}]}},"_links":{"self":[{"href":"https:\/\/myntwork.com\/sv-se\/wp-json\/wp\/v2\/product_brand\/2691","targetHints":{"allow":["GET"]}}],"collection":[{"href":"https:\/\/myntwork.com\/sv-se\/wp-json\/wp\/v2\/product_brand"}],"about":[{"href":"https:\/\/myntwork.com\/sv-se\/wp-json\/wp\/v2\/taxonomies\/product_brand"}],"wp:post_type":[{"href":"https:\/\/myntwork.com\/sv-se\/wp-json\/wp\/v2\/product?product_brand=2691"}],"curies":[{"name":"wp","href":"https:\/\/api.w.org\/{rel}","templated":true}]}}